{"id":1861,"date":"2020-10-06T19:59:23","date_gmt":"2020-10-06T17:59:23","guid":{"rendered":"http:\/\/conorsadventure.com\/?p=1861"},"modified":"2020-10-06T19:59:23","modified_gmt":"2020-10-06T17:59:23","slug":"zivljenje-z-malino-po-stirih-mesecih","status":"publish","type":"post","link":"https:\/\/conorsadventure.si\/blog\/2020\/10\/06\/zivljenje-z-malino-po-stirih-mesecih\/","title":{"rendered":"\u017divljenje z \u00bbmalino\u00ab po \u0161tirih mesecih\u2026"},"content":{"rendered":"\n<p>Ste mislili, da sva pozabila na ta del, kjer o najinih izku\u0161njah s Conorjem govoriva v razli\u010dnih \u010dasovnih obdobjih? \ud83d\ude0e<\/p>\n\n\n\n<p>Ne nisva pozabila, sva pa zanala\u0161\u010d \u010dakala, da bo mladeni\u010d dopolnil \u0161est mesecev, saj naj bi takrat \u017ee vstopili v kon\u010dno pri\u010dakovano puberteto in bi verjetno imela marsikaj pestrega za povedat \ud83d\ude06.<\/p>\n\n\n\n<p>\u017dal vas morava razo\u010darat. \u017divljenje z belgijcem oz. z \u00bbmalino\u00ab je tudi po \u0161tirih mesecih \u0161e vedno izredno enostavno, na trenutke skoraj pozabim, da ga imava.<\/p>\n\n\n\n<p><strong>\ud83d\udc3e <\/strong><strong>Uni\u010devanje stvari<\/strong><\/p>\n\n\n\n<div class=\"wp-block-image\"><figure class=\"alignleft size-large is-resized\"><img decoding=\"async\" loading=\"lazy\" src=\"http:\/\/conorsadventure.com\/blog\/blog\/wp-content\/uploads\/2020\/10\/Sob_19.9.2020_unicevanje-768x1024.jpg\" alt=\"\" class=\"wp-image-1862\" width=\"282\" height=\"376\"\/><figcaption>Po opravljenem &#8220;kaznivem dejanju&#8221; \ud83d\ude42<\/figcaption><\/figure><\/div>\n\n\n\n<p>Kaj se ti\u010de uni\u010devanja stvari, ker vem, da ima marsikdo probleme, da mu pes uni\u010di skorajda ves inventar, no midva na sre\u010do zaenkrat ne sodiva v to kategorijo. Naj na tem mestu omenim, meni skoraj absurden primer in sicer sem pred kratkim na enem izmed najinih najljub\u0161ih IG profilov zasledila, da je lastniku njegov belgijec do dopolnjenega drugega leta naredil \u0161kode za nekje 3000 \u20ac, med drugim je ostal skoraj brez vseh parov \u010devljev \ud83d\ude02.<\/p>\n\n\n\n<p>Skratka eni imajo o\u010ditno res \u00bbsre\u010do\u00ab s karakterjem psa \ud83d\ude06, Conor je kaj se ti\u010de uni\u010devanja \u010devljev, trenutno predelal zgolj moje Crocse, pa \u0161e to na na\u010din, da so \u0161e vedno uporabni \ud83d\ude43.<\/p>\n\n\n\n<p>Druga\u010de pa ostalih omembe vrednih stvari ni uni\u010dil\u2026 okej, na morju je zaradi najine lahkomiselnosti pogrizel plasti\u010dno hladilno blazino in trakove nahrbtnika, ampak tako je, \u010de psa pusti\u0161 samega s stvarmi, ki jih pa\u010d rad \u00bbgloda\u00ab\ud83d\ude48.<\/p>\n\n\n\n<p>Verjetno se morda kdo spra\u0161uje kako je to mogo\u010de? Preprosto. Enostavno pazi\u0161, da v bli\u017eini psa ni ni\u010d \u00bbza uni\u010dit mo\u017enega\u00ab, po drugi strani pa vsak njegov poskus grizenja, hitro ustavi\u0161 z glasnim \u00bbNE\u00ab, ali \u00bbFUJ\u00ab. \u010ce je nama uspelo, verjetno lahko komu drugemu tudi \ud83d\ude43.<\/p>\n\n\n\n<p><strong>\ud83d\udc3e Menjava zob<\/strong><\/p>\n\n\n\n<p>Mle\u010dni zobje so mu izpadli vsaj glede na prebrano in sli\u0161ano dokaj hitro. In sicer med \u010detrtim ter petim mesecem je zamenjal prakti\u010dno vse zobe. V tem \u010dasu tudi nisva opazila, da bi ne vem koliko ve\u010d grizel. Res je, da so ga za\u010dele zanimati bolj trde igra\u010de v obliki vrvi, ki jih je precej zgrizel, ampak, da bi se koli\u010dina njegovega grizenja ali celo uni\u010devanja pove\u010dala, pa se ni zgodilo \ud83d\ude43.<\/p>\n\n\n\n<p><strong>\ud83d\udc3e Stopnja aktivnosti oz. morebitna hiperaktivnost<\/strong><\/p>\n\n\n\n<div class=\"wp-block-image\"><figure class=\"alignright size-large is-resized\"><img decoding=\"async\" loading=\"lazy\" src=\"http:\/\/conorsadventure.com\/blog\/blog\/wp-content\/uploads\/2020\/10\/Primoz_uhe-768x1024.jpeg\" alt=\"\" class=\"wp-image-1882\" width=\"294\" height=\"392\"\/><figcaption>Conorju so se u\u0161esa postavila dokaj pozno, \u0161ele pri dobrih 5ih mesecih.<\/figcaption><\/figure><\/div>\n\n\n\n<p>To pa je ena izmed stvari, ki me morda pri Conorju kar malce moti, saj nekako skoraj \u00bbpogre\u0161am\u00ab ve\u010d hiperaktivnosti oz. kan\u010dek ve\u010d norosti, \u010de se lahko tako izrazim. Trenutno bi rekla, da je Conor za klasi\u010dnega psa, klasi\u010dno pasmo, super aktiven, definitivno pa ni to \u00bbklasi\u010dna hiperaktivna malina\u00ab\ud83d\ude0e.<\/p>\n\n\n\n<p>To je tudi ena izmed lastnosti, ki jo denimo opazim zgolj jaz, ki s psom pre\u017eivim najve\u010d \u010dasa in se tudi ogromno poglabljam v razli\u010dna pasja \u010dtiva, med tem, ko se Primo\u017eu zdi njegova \u00bbnormalnost\u00ab \u010disto ok\ud83d\ude09. Da se razumemo, si ne \u017eelim, divjega, izredno hiperaktivnega psa, ampak morda kan\u010dek \u00bb\u017eivosti\u00ab sploh med treningi, pa bi nam res pri\u0161la prav.<\/p>\n\n\n\n<p>\u010ceprav morda velja omeniti, da dokler je Conor \u0161e mladi\u010d in raste, ga na trenutke izredno nazaj dr\u017eimo in ga ne spodbujamo k brezglavemu divjanju, skokih, norenju itd. Razlog? Sklepi in kosti \u0161e rastejo ter se razvijajo. Prav tako sva na trenutke izredno stroga, kar je morda tudi posledica, da je pes pa\u010d bolj umirjen\ud83d\ude44.<\/p>\n\n\n\n<p><strong>\ud83d\udc3e \u0160olanje, poslu\u0161nost<\/strong><\/p>\n\n\n\n<p>Za svojih \u0161est mesecev je po mojem mnenju pes super poslu\u0161en. Na\u010deloma z odpoklicem nimamo nobenih te\u017eav, pride prakti\u010dno vedno, \u010de seveda ni motenj v obliki drugih psov. No v tem primeru pa smo nekje na 50-50, \u010de se po\u0161teno zaderem pride, ampak ne vedno \ud83d\ude06.<\/p>\n\n\n\n<p>V zadnjih mesecih smo uspe\u0161no kon\u010dali tudi malo \u0161olo in \u010dakamo na za\u010detek \u0161olanja mantrailinga. V planu je, da za\u010dnemo nekje januarja z obiskovanjem te\u010daja za izpit A, ki ga gremo lahko opravljati \u0161ele z 12imi meseci, ampak do takrat \u0161e je dale\u010d.<\/p>\n\n\n\n<div class=\"wp-block-image\"><figure class=\"alignleft size-large is-resized\"><img decoding=\"async\" loading=\"lazy\" src=\"http:\/\/conorsadventure.com\/blog\/blog\/wp-content\/uploads\/2020\/10\/Primoz_poleg-803x1024.jpeg\" alt=\"\" class=\"wp-image-1878\" width=\"281\" height=\"358\"\/><figcaption>&#8220;Poleg&#8221; v urbanem okolju &#8211; Koper<\/figcaption><\/figure><\/div>\n\n\n\n<p>Druga\u010de pa pes v tem \u010dasu na blizu in dale\u010d obvlada osnove poslu\u0161nosti, kot so \u00bbsedi\u00ab, \u00bbplatz\u00ab, \u00bbup\u00ab, \u00bbpoleg\u00ab, \u00bb\u010dakaj\u00ab \u00bbstoj\u00ab, \u00bbglas\u00ab, \u00bbvmes\u00ab, \u00bbnoga\u00ab (kontra od poleg, torej desna noga). Obvlada tudi triki, kot so \u00bbspin\u00ab, \u00bbokoli\u00ab (npr. okoli drevesa), \u00bbzgrabi\u00ab, \u00bbspusti\u00ab in \u00bbhop\u00ab. Morda sem \u0161e kaj pozabila, ampak verjetno je v grobem to vse\u2026.no okej, zna tudi preval, pa priklon, ampak iskreno, se ne poglabljamo v u\u010denje trikcev. Oba s Primo\u017eem si \u017eeliva, da bi pes v \u00bbnulo\u00ab obvladal poslu\u0161nost<\/p>\n\n\n\n<p>Kaj se ti\u010de hoje na popu\u0161\u010denem povodcu, pa se je skozi njegovo odra\u0161\u010danje izkazalo za precej trd oreh, saj Conor, ko je v urbanem okolju noro rad vohlja. To je tudi razlog, zakaj smo se odlo\u010dili za obiskovanje mantrailinga. Denimo v \u010dasu obiskovanja male \u0161ole, je bilo vohljanje na trenutke tako izrazito, da ni bilo mo\u017eno s psom prakti\u010dno ni\u010desar delati, saj je bil njegov fokus popolnoma drugje\u2639. Odkar smo za\u010deli nekje 1-2x tedensko na\u010drtno hoditi v mesto zgolj zaradi treninga hoje na popu\u0161\u010denem povodcu, se je tudi njegovo izrazito vohljanje in posledi\u010dno vle\u010denje umirilo\ud83d\ude09.<\/p>\n\n\n\n<p><strong>\ud83d\udc3e Morebitne te\u017eave, nev\u0161e\u010dnosti<\/strong><\/p>\n\n\n\n<p>Morda se bo sli\u0161ali sme\u0161no, ali \u010dudno, ampak s Conorjem zaenkrat resni\u010dno ni nobenih te\u017eav. Ja ok\u2026se dogaja, da denimo \u010dude\u017eno, \u010dez no\u010d pozabi kak\u0161en ukaz (kot denimo v zadnjih dneh je pozabil, kaj pomeni \u00bbprinesi \u017eogico\u00ab), ampak to spada k vzgoji psa. Vzgoja je ponavljanje, ponavljanje, ponavljanje\u2026.pa\u010d\u2026psi, kot pravi Primo\u017e so oportunisti in bodo vedno iskali bli\u017enjice, na nas pa je ali jim bomo le-te dopustili \ud83d\ude0e.<\/p>\n\n\n\n<p>Kot te\u017eavo bi morda izpostavila najino ob\u010dasno pomanjkanje \u010dasa zanj, saj se mi zdi, da kak\u0161en dan psu ne posvetiva dovolj pozornosti in aktivnosti. Tukaj mislim predvsem mentalno aktivnost v obliki igranja, treninga s psom. Vseeno se je treba zavedati da gre za zelo aktivno pasmo, ki potrebuje ne zgolj fizi\u010dno, temve\u010d tudi psihi\u010dno aktivnost. <\/p>\n\n\n\n<p>Za la\u017ejo predstavo naj \u0161e enkrat omenim (\u010deprav to najdete v marsikaterem najinem blog zapisu), midva s Primo\u017eem se s Conorjem dnevno gibava nekje uro do dve uri, torej 2x po nekje 30-40 min sprehoda (zjutraj\/zve\u010der), \u010dez dan pa 2x 20 min igranja + trening. <\/p>\n\n\n\n<p>Skratka upam, da se razumemo, da vzgoja tak\u0161nega psa vseeno ni enostavna in potrebuje kar nekaj \u010dasa, vztrajnosti, sploh pa konsistentnosti \ud83d\ude0a<\/p>\n\n\n\n<p><strong>\ud83d\udc3e Cilji za naprej<\/strong>&#8230;<\/p>\n\n\n\n<p>\u017dal pa tudi po \u0161tirih mesecih v vlogi pasje lastnice, \u0161e kar ne znam odgovoriti na vpra\u0161anje kak\u0161ni so najini cilji s Conorjem \ud83d\ude0a. Definitivno imava namen narediti tako izpit A, kot tudi BBH, kaj pa se ti\u010de planov za naprej\u2026pojma nimam. Morda nam bo postal mantrailing tako v\u0161e\u010d, da bomo kar nadaljevali, morda nas celo zanese v obrambo, o \u010dem denimo Primo\u017e ve\u010d govori, kot jaz\ud83d\ude06, ali pa bo Conor preprosto ostal zgolj navaden dru\u017einski pes\u2026.bomo videli \ud83d\ude07.<\/p>\n\n\n\n<figure class=\"wp-block-image size-large\"><img decoding=\"async\" src=\"http:\/\/conorsadventure.com\/blog\/blog\/wp-content\/uploads\/2020\/10\/dan104_2.jpg\" alt=\"\" class=\"wp-image-1880\"\/><\/figure>\n","protected":false},"excerpt":{"rendered":"<p>Ste mislili, da sva pozabila na ta del, kjer o najinih izku\u0161njah s Conorjem govoriva&hellip;<\/p>\n<p> <a class=\"more-link\" href=\"https:\/\/conorsadventure.si\/blog\/2020\/10\/06\/zivljenje-z-malino-po-stirih-mesecih\/\">Beri dalje<\/a><\/p>\n","protected":false},"author":990003,"featured_media":0,"comment_status":"open","ping_status":"open","sticky":false,"template":"","format":"standard","meta":{"footnotes":""},"categories":[214],"tags":[310,203,280,265,208,292,268,210],"yoast_head":"<!-- This site is optimized with the Yoast SEO plugin v21.0 - https:\/\/yoast.com\/wordpress\/plugins\/seo\/ -->\n<title>\u017divljenje z \u00bbmalino\u00ab po \u0161tirih mesecih\u2026 - Conor&#039;s Adventure<\/title>\n<meta name=\"robots\" content=\"index, follow, max-snippet:-1, max-image-preview:large, max-video-preview:-1\" \/>\n<link rel=\"canonical\" href=\"https:\/\/conorsadventure.si\/blog\/2020\/10\/06\/zivljenje-z-malino-po-stirih-mesecih\/\" \/>\n<meta property=\"og:locale\" content=\"sl_SI\" \/>\n<meta property=\"og:type\" content=\"article\" \/>\n<meta property=\"og:title\" content=\"\u017divljenje z \u00bbmalino\u00ab po \u0161tirih mesecih\u2026 - Conor&#039;s Adventure\" \/>\n<meta property=\"og:description\" content=\"Ste mislili, da sva pozabila na ta del, kjer o najinih izku\u0161njah s Conorjem govoriva&hellip;  Beri dalje\" \/>\n<meta property=\"og:url\" content=\"https:\/\/conorsadventure.si\/blog\/2020\/10\/06\/zivljenje-z-malino-po-stirih-mesecih\/\" \/>\n<meta property=\"og:site_name\" content=\"Conor&#039;s Adventure\" \/>\n<meta property=\"article:published_time\" content=\"2020-10-06T17:59:23+00:00\" \/>\n<meta property=\"og:image\" content=\"http:\/\/conor.zo.si\/blog\/wp-content\/uploads\/2020\/10\/Sob_19.9.2020_unicevanje-768x1024.jpg\" \/>\n<meta name=\"author\" content=\"Primoz\" \/>\n<meta name=\"twitter:card\" content=\"summary_large_image\" \/>\n<meta name=\"twitter:label1\" content=\"Written by\" \/>\n\t<meta name=\"twitter:data1\" content=\"Primoz\" \/>\n\t<meta name=\"twitter:label2\" content=\"Est. reading time\" \/>\n\t<meta name=\"twitter:data2\" content=\"6 minut\" \/>\n<script type=\"application\/ld+json\" class=\"yoast-schema-graph\">{\"@context\":\"https:\/\/schema.org\",\"@graph\":[{\"@type\":\"WebPage\",\"@id\":\"https:\/\/conorsadventure.si\/blog\/2020\/10\/06\/zivljenje-z-malino-po-stirih-mesecih\/\",\"url\":\"https:\/\/conorsadventure.si\/blog\/2020\/10\/06\/zivljenje-z-malino-po-stirih-mesecih\/\",\"name\":\"\u017divljenje z \u00bbmalino\u00ab po \u0161tirih mesecih\u2026 - Conor&#039;s Adventure\",\"isPartOf\":{\"@id\":\"https:\/\/conorsadventure.si\/blog\/#website\"},\"datePublished\":\"2020-10-06T17:59:23+00:00\",\"dateModified\":\"2020-10-06T17:59:23+00:00\",\"author\":{\"@id\":\"https:\/\/conorsadventure.si\/blog\/#\/schema\/person\/eaa3fd78da01372899451927f43be1fd\"},\"breadcrumb\":{\"@id\":\"https:\/\/conorsadventure.si\/blog\/2020\/10\/06\/zivljenje-z-malino-po-stirih-mesecih\/#breadcrumb\"},\"inLanguage\":\"sl-SI\",\"potentialAction\":[{\"@type\":\"ReadAction\",\"target\":[\"https:\/\/conorsadventure.si\/blog\/2020\/10\/06\/zivljenje-z-malino-po-stirih-mesecih\/\"]}]},{\"@type\":\"BreadcrumbList\",\"@id\":\"https:\/\/conorsadventure.si\/blog\/2020\/10\/06\/zivljenje-z-malino-po-stirih-mesecih\/#breadcrumb\",\"itemListElement\":[{\"@type\":\"ListItem\",\"position\":1,\"name\":\"Home\",\"item\":\"https:\/\/conorsadventure.si\/blog\/\"},{\"@type\":\"ListItem\",\"position\":2,\"name\":\"\u017divljenje z \u00bbmalino\u00ab po \u0161tirih mesecih\u2026\"}]},{\"@type\":\"WebSite\",\"@id\":\"https:\/\/conorsadventure.si\/blog\/#website\",\"url\":\"https:\/\/conorsadventure.si\/blog\/\",\"name\":\"Conor&#039;s Adventure\",\"description\":\"Oprema, ki povezuje\",\"potentialAction\":[{\"@type\":\"SearchAction\",\"target\":{\"@type\":\"EntryPoint\",\"urlTemplate\":\"https:\/\/conorsadventure.si\/blog\/?s={search_term_string}\"},\"query-input\":\"required name=search_term_string\"}],\"inLanguage\":\"sl-SI\"},{\"@type\":\"Person\",\"@id\":\"https:\/\/conorsadventure.si\/blog\/#\/schema\/person\/eaa3fd78da01372899451927f43be1fd\",\"name\":\"Primoz\",\"image\":{\"@type\":\"ImageObject\",\"inLanguage\":\"sl-SI\",\"@id\":\"https:\/\/conorsadventure.si\/blog\/#\/schema\/person\/image\/\",\"url\":\"https:\/\/secure.gravatar.com\/avatar\/7095ba3991f133216e7409822ae0bbd1?s=96&d=mm&r=g\",\"contentUrl\":\"https:\/\/secure.gravatar.com\/avatar\/7095ba3991f133216e7409822ae0bbd1?s=96&d=mm&r=g\",\"caption\":\"Primoz\"},\"url\":\"https:\/\/conorsadventure.si\/blog\/author\/primoz\/\"}]}<\/script>\n<!-- \/ Yoast SEO plugin. -->","yoast_head_json":{"title":"\u017divljenje z \u00bbmalino\u00ab po \u0161tirih mesecih\u2026 - Conor&#039;s Adventure","robots":{"index":"index","follow":"follow","max-snippet":"max-snippet:-1","max-image-preview":"max-image-preview:large","max-video-preview":"max-video-preview:-1"},"canonical":"https:\/\/conorsadventure.si\/blog\/2020\/10\/06\/zivljenje-z-malino-po-stirih-mesecih\/","og_locale":"sl_SI","og_type":"article","og_title":"\u017divljenje z \u00bbmalino\u00ab po \u0161tirih mesecih\u2026 - Conor&#039;s Adventure","og_description":"Ste mislili, da sva pozabila na ta del, kjer o najinih izku\u0161njah s Conorjem govoriva&hellip;  Beri dalje","og_url":"https:\/\/conorsadventure.si\/blog\/2020\/10\/06\/zivljenje-z-malino-po-stirih-mesecih\/","og_site_name":"Conor&#039;s Adventure","article_published_time":"2020-10-06T17:59:23+00:00","og_image":[{"url":"http:\/\/conor.zo.si\/blog\/wp-content\/uploads\/2020\/10\/Sob_19.9.2020_unicevanje-768x1024.jpg"}],"author":"Primoz","twitter_card":"summary_large_image","twitter_misc":{"Written by":"Primoz","Est. reading time":"6 minut"},"schema":{"@context":"https:\/\/schema.org","@graph":[{"@type":"WebPage","@id":"https:\/\/conorsadventure.si\/blog\/2020\/10\/06\/zivljenje-z-malino-po-stirih-mesecih\/","url":"https:\/\/conorsadventure.si\/blog\/2020\/10\/06\/zivljenje-z-malino-po-stirih-mesecih\/","name":"\u017divljenje z \u00bbmalino\u00ab po \u0161tirih mesecih\u2026 - Conor&#039;s Adventure","isPartOf":{"@id":"https:\/\/conorsadventure.si\/blog\/#website"},"datePublished":"2020-10-06T17:59:23+00:00","dateModified":"2020-10-06T17:59:23+00:00","author":{"@id":"https:\/\/conorsadventure.si\/blog\/#\/schema\/person\/eaa3fd78da01372899451927f43be1fd"},"breadcrumb":{"@id":"https:\/\/conorsadventure.si\/blog\/2020\/10\/06\/zivljenje-z-malino-po-stirih-mesecih\/#breadcrumb"},"inLanguage":"sl-SI","potentialAction":[{"@type":"ReadAction","target":["https:\/\/conorsadventure.si\/blog\/2020\/10\/06\/zivljenje-z-malino-po-stirih-mesecih\/"]}]},{"@type":"BreadcrumbList","@id":"https:\/\/conorsadventure.si\/blog\/2020\/10\/06\/zivljenje-z-malino-po-stirih-mesecih\/#breadcrumb","itemListElement":[{"@type":"ListItem","position":1,"name":"Home","item":"https:\/\/conorsadventure.si\/blog\/"},{"@type":"ListItem","position":2,"name":"\u017divljenje z \u00bbmalino\u00ab po \u0161tirih mesecih\u2026"}]},{"@type":"WebSite","@id":"https:\/\/conorsadventure.si\/blog\/#website","url":"https:\/\/conorsadventure.si\/blog\/","name":"Conor&#039;s Adventure","description":"Oprema, ki povezuje","potentialAction":[{"@type":"SearchAction","target":{"@type":"EntryPoint","urlTemplate":"https:\/\/conorsadventure.si\/blog\/?s={search_term_string}"},"query-input":"required name=search_term_string"}],"inLanguage":"sl-SI"},{"@type":"Person","@id":"https:\/\/conorsadventure.si\/blog\/#\/schema\/person\/eaa3fd78da01372899451927f43be1fd","name":"Primoz","image":{"@type":"ImageObject","inLanguage":"sl-SI","@id":"https:\/\/conorsadventure.si\/blog\/#\/schema\/person\/image\/","url":"https:\/\/secure.gravatar.com\/avatar\/7095ba3991f133216e7409822ae0bbd1?s=96&d=mm&r=g","contentUrl":"https:\/\/secure.gravatar.com\/avatar\/7095ba3991f133216e7409822ae0bbd1?s=96&d=mm&r=g","caption":"Primoz"},"url":"https:\/\/conorsadventure.si\/blog\/author\/primoz\/"}]}},"_links":{"self":[{"href":"https:\/\/conorsadventure.si\/blog\/wp-json\/wp\/v2\/posts\/1861"}],"collection":[{"href":"https:\/\/conorsadventure.si\/blog\/wp-json\/wp\/v2\/posts"}],"about":[{"href":"https:\/\/conorsadventure.si\/blog\/wp-json\/wp\/v2\/types\/post"}],"author":[{"embeddable":true,"href":"https:\/\/conorsadventure.si\/blog\/wp-json\/wp\/v2\/users\/990003"}],"replies":[{"embeddable":true,"href":"https:\/\/conorsadventure.si\/blog\/wp-json\/wp\/v2\/comments?post=1861"}],"version-history":[{"count":0,"href":"https:\/\/conorsadventure.si\/blog\/wp-json\/wp\/v2\/posts\/1861\/revisions"}],"wp:attachment":[{"href":"https:\/\/conorsadventure.si\/blog\/wp-json\/wp\/v2\/media?parent=1861"}],"wp:term":[{"taxonomy":"category","embeddable":true,"href":"https:\/\/conorsadventure.si\/blog\/wp-json\/wp\/v2\/categories?post=1861"},{"taxonomy":"post_tag","embeddable":true,"href":"https:\/\/conorsadventure.si\/blog\/wp-json\/wp\/v2\/tags?post=1861"}],"curies":[{"name":"wp","href":"https:\/\/api.w.org\/{rel}","templated":true}]}}