{"id":2082,"date":"2020-07-09T22:29:50","date_gmt":"2020-07-09T20:29:50","guid":{"rendered":"http:\/\/conorsadventure.com\/?p=995"},"modified":"2020-10-23T20:38:57","modified_gmt":"2020-10-23T18:38:57","slug":"koncnooo-pa-ga-imamo-kuzeka","status":"publish","type":"post","link":"https:\/\/conorsadventure.si\/blog\/2020\/07\/09\/koncnooo-pa-ga-imamo-kuzeka\/","title":{"rendered":"Kon\u010dnooo, pa ga imamo, KU\u017dEKA!"},"content":{"rendered":"\n<h4 class=\"wp-block-heading\"><strong>Nedelja, 7.6.2020, prihod v nov dom<\/strong><\/h4>\n\n\n\n<p>Najprej sem od\u0161tevala tedne oziroma dneve. V zadnjem dnevu sem \u0161la celo v ekstrem od\u0161tevanja ur. Ob\u010dutki, ko gre\u0161 zadnji\u010d \u00bbv dvoje\u00ab v Maribor so bili zanimivi. \u0160e bolj \u017eiv\u010dna sem postala, ko sva s Primo\u017eem pre\u010dkala mad\u017earsko mejo in slabo urco kasneje zavila na dovoz psarne Hunt N&#8217; Catch. <em>\u00bbSedaj pa verjetno res ve\u010d ni poti nazaj\u00ab<\/em>, sem napeto zavzdihnila in se \u0161e stoti\u010d nekje zelo globoko v sebi vpra\u0161ala, <em>\u00bbAli bom res zmogla?\u00ab.<\/em><\/p>\n\n\n\n<p>\u010ceprav sem si o pasmi belgijski ov\u010dar kar nekaj prebrala, govorila z razli\u010dnimi lastniki, sem zahvaljujo\u010d paniki dolo\u010denih ljudi okoli te pasme in \u0161e ve\u010dji paniki na spletu, bila tudi v sebi, ne bom rekla, da pani\u010dna, ampak definitivno pa dokaj nesigurna vase. Psa nisem imela \u0161e nikoli in za prvega psa si omisliti belgijskega ov\u010darja razli\u010dico Malinois, je bila za marsikoga skrajno zblojena poteza. Kaj vse sem sli\u0161ala v zadnjih tednih, od tega, da so ob nepravilni vzgoji izredno nevarni, samodestruktivni, pa da ne marajo otrok, da sploh niso primerni za dru\u017einskega psa in tako naprej. V enem trenutku sem se iskreno vpra\u0161ala, ali sva si s Primo\u017eem omislila leva, ali psa? Glede nato, da sem \u010dlovek, ki ima rad \u010dim ve\u010d stvari pod kontrolo, se poskusi na novo situacijo \u010dim bolje pripraviti, pa da sem po karakterju taki \u00bbmini pani\u010dar\u00ab (ko stvari nimam pod kontrolo, jasno\ud83d\ude0f), \u010desar niti ne poka\u017eem, ampak ti\u0161\u010dim v sebi, je bila moja nesigurnost verjetno razumljiva. <\/p>\n\n\n\n<p>Kakor koli \u017ee, ob\u010dutki, ko sem zagledala najino \u00bbkosmato bitje\u00ab so bili vau \ud83d\ude0dMali terminator je takoj pritekel do naju in \u017ee smo si bili na \u00bbti\u00ab. Slaba urca razli\u010dne papirologije, pa razlaganje o na\u010dinu hranjenja, vpra\u0161anja o za\u010detku \u0161olanja in \u017ee smo bili na poti nazaj v Slovenijo. Mali frajer ni ob odhodu niti pisnil, \u010dez pol urce pa je zaspal pri mojih nogah kot bi rekel keks. Glede na mirnost, sva se odlo\u010dila, da narediva prvi postanek pri moji prijateljici Barbari in, \u010de bo vse ok, \u0161e pri mojih star\u0161ih. Barbara se je kot pri\u010dakovano stopila, ko ga je zagledala, ni\u010d druga\u010de ni bilo \u010dez pol ure pri mojih v Mariboru. Po za\u010detnem igranju, je malecki zaspal na terasi, mi pa smo si v miru privo\u0161\u010dili kavo, preden sva se s Primo\u017eem odpravila proti Diva\u010di na Primorskem.<\/p>\n\n\n\n<p>Ne vem kdaj se mi je nazadnje pot domov tako vlekla. Kon\u010dno smo zapeljali na dovoz hi\u0161e in mali frajer je dokaj pogumno prestopil prag svojega za vedno doma. Sprva je celo hi\u0161o prevohal, nato pa se je hitro udoma\u010dil na svoji pasji postelji. &nbsp;<\/p>\n\n\n\n<p class=\"has-text-align-left\">Dobrodo\u0161el doma Conor \ud83d\udc3e<\/p>\n","protected":false},"excerpt":{"rendered":"<p>Nedelja, 7.6.2020, prihod v nov dom<\/p>\n<p> <a class=\"more-link\" href=\"https:\/\/conorsadventure.si\/blog\/2020\/07\/09\/koncnooo-pa-ga-imamo-kuzeka\/\">Beri dalje<\/a><\/p>","protected":false},"author":990002,"featured_media":1053,"comment_status":"open","ping_status":"open","sticky":false,"template":"","format":"standard","meta":{"footnotes":""},"categories":[199,200,63],"tags":[227,201],"yoast_head":"<!-- This site is optimized with the Yoast SEO plugin v21.0 - https:\/\/yoast.com\/wordpress\/plugins\/seo\/ -->\n<title>Kon\u010dnooo, pa ga imamo, KU\u017dEKA! - Conor&#039;s Adventure<\/title>\n<meta name=\"robots\" content=\"index, follow, max-snippet:-1, max-image-preview:large, max-video-preview:-1\" \/>\n<link rel=\"canonical\" href=\"https:\/\/conorsadventure.si\/blog\/2020\/07\/09\/koncnooo-pa-ga-imamo-kuzeka\/\" \/>\n<meta property=\"og:locale\" content=\"sl_SI\" \/>\n<meta property=\"og:type\" content=\"article\" \/>\n<meta property=\"og:title\" content=\"Kon\u010dnooo, pa ga imamo, KU\u017dEKA! - Conor&#039;s Adventure\" \/>\n<meta property=\"og:description\" content=\"Nedelja, 7.6.2020, prihod v nov dom\" \/>\n<meta property=\"og:url\" content=\"https:\/\/conorsadventure.si\/blog\/2020\/07\/09\/koncnooo-pa-ga-imamo-kuzeka\/\" \/>\n<meta property=\"og:site_name\" content=\"Conor&#039;s Adventure\" \/>\n<meta property=\"article:published_time\" content=\"2020-07-09T20:29:50+00:00\" \/>\n<meta property=\"article:modified_time\" content=\"2020-10-23T18:38:57+00:00\" \/>\n<meta property=\"og:image\" content=\"https:\/\/conorsadventure.si\/blog\/wp-content\/uploads\/2020\/07\/Dan0_prvi-selfie_manjsa.jpg\" \/>\n\t<meta property=\"og:image:width\" content=\"573\" \/>\n\t<meta property=\"og:image:height\" content=\"640\" \/>\n\t<meta property=\"og:image:type\" content=\"image\/jpeg\" \/>\n<meta name=\"author\" content=\"Pija Vrezner\" \/>\n<meta name=\"twitter:card\" content=\"summary_large_image\" \/>\n<meta name=\"twitter:label1\" content=\"Written by\" \/>\n\t<meta name=\"twitter:data1\" content=\"Pija Vrezner\" \/>\n\t<meta name=\"twitter:label2\" content=\"Est. reading time\" \/>\n\t<meta name=\"twitter:data2\" content=\"2 minuti\" \/>\n<script type=\"application\/ld+json\" class=\"yoast-schema-graph\">{\"@context\":\"https:\/\/schema.org\",\"@graph\":[{\"@type\":\"WebPage\",\"@id\":\"https:\/\/conorsadventure.si\/blog\/2020\/07\/09\/koncnooo-pa-ga-imamo-kuzeka\/\",\"url\":\"https:\/\/conorsadventure.si\/blog\/2020\/07\/09\/koncnooo-pa-ga-imamo-kuzeka\/\",\"name\":\"Kon\u010dnooo, pa ga imamo, KU\u017dEKA! - Conor&#039;s Adventure\",\"isPartOf\":{\"@id\":\"https:\/\/conorsadventure.si\/blog\/#website\"},\"datePublished\":\"2020-07-09T20:29:50+00:00\",\"dateModified\":\"2020-10-23T18:38:57+00:00\",\"author\":{\"@id\":\"https:\/\/conorsadventure.si\/blog\/#\/schema\/person\/7a152f8728e3ccd11e4387e5b03af21c\"},\"breadcrumb\":{\"@id\":\"https:\/\/conorsadventure.si\/blog\/2020\/07\/09\/koncnooo-pa-ga-imamo-kuzeka\/#breadcrumb\"},\"inLanguage\":\"sl-SI\",\"potentialAction\":[{\"@type\":\"ReadAction\",\"target\":[\"https:\/\/conorsadventure.si\/blog\/2020\/07\/09\/koncnooo-pa-ga-imamo-kuzeka\/\"]}]},{\"@type\":\"BreadcrumbList\",\"@id\":\"https:\/\/conorsadventure.si\/blog\/2020\/07\/09\/koncnooo-pa-ga-imamo-kuzeka\/#breadcrumb\",\"itemListElement\":[{\"@type\":\"ListItem\",\"position\":1,\"name\":\"Home\",\"item\":\"https:\/\/conorsadventure.si\/blog\/\"},{\"@type\":\"ListItem\",\"position\":2,\"name\":\"Kon\u010dnooo, pa ga imamo, KU\u017dEKA!\"}]},{\"@type\":\"WebSite\",\"@id\":\"https:\/\/conorsadventure.si\/blog\/#website\",\"url\":\"https:\/\/conorsadventure.si\/blog\/\",\"name\":\"Conor&#039;s Adventure\",\"description\":\"Oprema, ki povezuje\",\"potentialAction\":[{\"@type\":\"SearchAction\",\"target\":{\"@type\":\"EntryPoint\",\"urlTemplate\":\"https:\/\/conorsadventure.si\/blog\/?s={search_term_string}\"},\"query-input\":\"required name=search_term_string\"}],\"inLanguage\":\"sl-SI\"},{\"@type\":\"Person\",\"@id\":\"https:\/\/conorsadventure.si\/blog\/#\/schema\/person\/7a152f8728e3ccd11e4387e5b03af21c\",\"name\":\"Pija Vrezner\",\"image\":{\"@type\":\"ImageObject\",\"inLanguage\":\"sl-SI\",\"@id\":\"https:\/\/conorsadventure.si\/blog\/#\/schema\/person\/image\/\",\"url\":\"https:\/\/secure.gravatar.com\/avatar\/c993cc577fe30c2edfb46717da87fa54?s=96&d=mm&r=g\",\"contentUrl\":\"https:\/\/secure.gravatar.com\/avatar\/c993cc577fe30c2edfb46717da87fa54?s=96&d=mm&r=g\",\"caption\":\"Pija Vrezner\"},\"url\":\"https:\/\/conorsadventure.si\/blog\/author\/pija\/\"}]}<\/script>\n<!-- \/ Yoast SEO plugin. -->","yoast_head_json":{"title":"Kon\u010dnooo, pa ga imamo, KU\u017dEKA! - Conor&#039;s Adventure","robots":{"index":"index","follow":"follow","max-snippet":"max-snippet:-1","max-image-preview":"max-image-preview:large","max-video-preview":"max-video-preview:-1"},"canonical":"https:\/\/conorsadventure.si\/blog\/2020\/07\/09\/koncnooo-pa-ga-imamo-kuzeka\/","og_locale":"sl_SI","og_type":"article","og_title":"Kon\u010dnooo, pa ga imamo, KU\u017dEKA! - Conor&#039;s Adventure","og_description":"Nedelja, 7.6.2020, prihod v nov dom","og_url":"https:\/\/conorsadventure.si\/blog\/2020\/07\/09\/koncnooo-pa-ga-imamo-kuzeka\/","og_site_name":"Conor&#039;s Adventure","article_published_time":"2020-07-09T20:29:50+00:00","article_modified_time":"2020-10-23T18:38:57+00:00","og_image":[{"width":573,"height":640,"url":"https:\/\/conorsadventure.si\/blog\/wp-content\/uploads\/2020\/07\/Dan0_prvi-selfie_manjsa.jpg","type":"image\/jpeg"}],"author":"Pija Vrezner","twitter_card":"summary_large_image","twitter_misc":{"Written by":"Pija Vrezner","Est. reading time":"2 minuti"},"schema":{"@context":"https:\/\/schema.org","@graph":[{"@type":"WebPage","@id":"https:\/\/conorsadventure.si\/blog\/2020\/07\/09\/koncnooo-pa-ga-imamo-kuzeka\/","url":"https:\/\/conorsadventure.si\/blog\/2020\/07\/09\/koncnooo-pa-ga-imamo-kuzeka\/","name":"Kon\u010dnooo, pa ga imamo, KU\u017dEKA! - Conor&#039;s Adventure","isPartOf":{"@id":"https:\/\/conorsadventure.si\/blog\/#website"},"datePublished":"2020-07-09T20:29:50+00:00","dateModified":"2020-10-23T18:38:57+00:00","author":{"@id":"https:\/\/conorsadventure.si\/blog\/#\/schema\/person\/7a152f8728e3ccd11e4387e5b03af21c"},"breadcrumb":{"@id":"https:\/\/conorsadventure.si\/blog\/2020\/07\/09\/koncnooo-pa-ga-imamo-kuzeka\/#breadcrumb"},"inLanguage":"sl-SI","potentialAction":[{"@type":"ReadAction","target":["https:\/\/conorsadventure.si\/blog\/2020\/07\/09\/koncnooo-pa-ga-imamo-kuzeka\/"]}]},{"@type":"BreadcrumbList","@id":"https:\/\/conorsadventure.si\/blog\/2020\/07\/09\/koncnooo-pa-ga-imamo-kuzeka\/#breadcrumb","itemListElement":[{"@type":"ListItem","position":1,"name":"Home","item":"https:\/\/conorsadventure.si\/blog\/"},{"@type":"ListItem","position":2,"name":"Kon\u010dnooo, pa ga imamo, KU\u017dEKA!"}]},{"@type":"WebSite","@id":"https:\/\/conorsadventure.si\/blog\/#website","url":"https:\/\/conorsadventure.si\/blog\/","name":"Conor&#039;s Adventure","description":"Oprema, ki povezuje","potentialAction":[{"@type":"SearchAction","target":{"@type":"EntryPoint","urlTemplate":"https:\/\/conorsadventure.si\/blog\/?s={search_term_string}"},"query-input":"required name=search_term_string"}],"inLanguage":"sl-SI"},{"@type":"Person","@id":"https:\/\/conorsadventure.si\/blog\/#\/schema\/person\/7a152f8728e3ccd11e4387e5b03af21c","name":"Pija Vrezner","image":{"@type":"ImageObject","inLanguage":"sl-SI","@id":"https:\/\/conorsadventure.si\/blog\/#\/schema\/person\/image\/","url":"https:\/\/secure.gravatar.com\/avatar\/c993cc577fe30c2edfb46717da87fa54?s=96&d=mm&r=g","contentUrl":"https:\/\/secure.gravatar.com\/avatar\/c993cc577fe30c2edfb46717da87fa54?s=96&d=mm&r=g","caption":"Pija Vrezner"},"url":"https:\/\/conorsadventure.si\/blog\/author\/pija\/"}]}},"_links":{"self":[{"href":"https:\/\/conorsadventure.si\/blog\/wp-json\/wp\/v2\/posts\/2082"}],"collection":[{"href":"https:\/\/conorsadventure.si\/blog\/wp-json\/wp\/v2\/posts"}],"about":[{"href":"https:\/\/conorsadventure.si\/blog\/wp-json\/wp\/v2\/types\/post"}],"author":[{"embeddable":true,"href":"https:\/\/conorsadventure.si\/blog\/wp-json\/wp\/v2\/users\/990002"}],"replies":[{"embeddable":true,"href":"https:\/\/conorsadventure.si\/blog\/wp-json\/wp\/v2\/comments?post=2082"}],"version-history":[{"count":0,"href":"https:\/\/conorsadventure.si\/blog\/wp-json\/wp\/v2\/posts\/2082\/revisions"}],"wp:featuredmedia":[{"embeddable":true,"href":"https:\/\/conorsadventure.si\/blog\/wp-json\/wp\/v2\/media\/1053"}],"wp:attachment":[{"href":"https:\/\/conorsadventure.si\/blog\/wp-json\/wp\/v2\/media?parent=2082"}],"wp:term":[{"taxonomy":"category","embeddable":true,"href":"https:\/\/conorsadventure.si\/blog\/wp-json\/wp\/v2\/categories?post=2082"},{"taxonomy":"post_tag","embeddable":true,"href":"https:\/\/conorsadventure.si\/blog\/wp-json\/wp\/v2\/tags?post=2082"}],"curies":[{"name":"wp","href":"https:\/\/api.w.org\/{rel}","templated":true}]}}