{"id":2083,"date":"2020-07-09T22:53:21","date_gmt":"2020-07-09T20:53:21","guid":{"rendered":"http:\/\/conorsadventure.com\/?p=999"},"modified":"2021-01-14T15:21:17","modified_gmt":"2021-01-14T14:21:17","slug":"kam-je-slo-moje-spanje","status":"publish","type":"post","link":"https:\/\/conorsadventure.si\/blog\/2020\/07\/09\/kam-je-slo-moje-spanje\/","title":{"rendered":"Kam je \u0161lo moje spanje?"},"content":{"rendered":"\n<h4 class=\"wp-block-heading\"><strong>Ponedeljek, 8.6.2020, dan 1<\/strong><\/h4>\n\n\n\n<p>Tako nekako verjetno izgleda, ko dobi\u0161 otroka. Spali sicer smo, ampak vsaj jaz, slabo. \ud83d\ude34Piko na I je dodala \u0161e ogromna nevihta\u26c8, ki se je razdivjala pono\u010di, da je Conor prvi dan do\u017eivel res ves stres v celotnem paketu.<\/p>\n\n\n\n<p>V enem izmed pasjih \u010dtiv, ki sem jih v zadnjem \u010dasu prebrala je pisalo, da si mora\u0161 na 3-4 ure nastavit budilko, saj pasji mladi\u010d do 14 tedna \u0161e nima razvite mi\u0161i\u010dne zapiralke mehurja. Pa smo si jo in, ker sama delam od doma, sem pustila Primo\u017ea spati, Conorja pa sem ob 2eh pono\u010di peljala lulat. Zbudila ga je budilka, zaradi \u010desar sva s Primo\u017eem ugotovila, da naslednjo no\u010d le-ta o\u010ditno ni potrebna, saj mali frajer spi. Naslednji\u010d naju je zbudil on, malo pred 5to zjutraj. Tokrat je prevzel Primo\u017e in se kar vstal. Prinesel mi ga je ob 6ih in komedija se je za\u010dela.\ud83e\udd26<\/p>\n\n\n\n<p>Globoko v sebi sem prosila boga naj Conor zaspi \u0161e vsaj za kak\u0161no urco, ampak on je raje veselo skakal po meni in grizel vse moje okon\u010dine. Za\u010dela sva se igrati in po dobri uri sva od\u0161la na najin prvi sprehod. Pridna stvarca lahko re\u010dem. De\u017e mu seveda ni najbolj di\u0161al in po pol ure prestopanja sem in tja po mokri travi, sva bila nazaj v hi\u0161i. Malce sva se \u0161e poigrala, nato pa je gospodi\u010d zaspal.<\/p>\n\n\n\n<p>\u00bb<em>Kon\u010dno lahko malce zadiham in si v miru pripravim zajtrk\u00ab<\/em>, sem zavzdihnila. O opravkih za najino firmo nisem niti pomislila, saj sem bila iz\u017eeta. Vmes sem opravila \u0161e nekaj telefonskih klicev in po dveh urcah miru, je bil mali terminator pokonci. Tokrat sem se \u017eal preve\u010d obotavljala in se mi je polulal na eno izmed svojih pasjih blazin\ud83d\ude44, \u00bb<em>hja se zgodi sem si rekla<\/em>\u00ab, vedo\u010d, da ga za lulanje\/kakanje v hi\u0161i res ne smem kaznovati. Vseeno sva od\u0161la na sprehod in glej ga zlomka, sre\u010dala sosedovo novo kosmato pridobitev \u2013 mladi\u010dka nem\u0161kega ov\u010darja, ki sli\u0161i na ime Hund\ud83d\ude06. Conor ga je nalajal, puhasta kepica pa se je cela prestra\u0161ena skrivala za nogami svojega lastnika.<\/p>\n\n\n\n<p>Doma sva oba od utrujenosti (jaz zaradi mi\u010dkene napetosti in pomanjkanja spanja, Conor pa verjetno zaradi de\u017eja\ud83d\ude0e) zaspala na kav\u010du.<\/p>\n\n\n\n<p>Kon\u010dno je iz slu\u017ebe pri\u0161el Primo\u017e in malega odpeljal na sprehod, jaz pa sem v tem \u010dasu v miru pripravila kosilo. Dan je nato potekal umirjeno, \u010de od\u0161tejeva, da sva za\u010dela s Primo\u017eem sumit, da imava salonski tip \u00bbmaline\u00ab\ud83d\ude02 (tako se pogovorno\/kraj\u0161e re\u010de vrsti Malinois); sprehod po mokri zemlji ali le\u017eanje na kav\u010du? Verjetno si lahko mislite kaj mu je ljub\u0161e.<\/p>\n","protected":false},"excerpt":{"rendered":"<p>Ponedeljek, 8.6.2020, dan 1<\/p>\n<p> <a class=\"more-link\" href=\"https:\/\/conorsadventure.si\/blog\/2020\/07\/09\/kam-je-slo-moje-spanje\/\">Beri dalje<\/a><\/p>","protected":false},"author":990002,"featured_media":3103,"comment_status":"open","ping_status":"open","sticky":false,"template":"","format":"standard","meta":{"footnotes":""},"categories":[199,200,63],"tags":[227,202],"yoast_head":"<!-- This site is optimized with the Yoast SEO plugin v21.0 - https:\/\/yoast.com\/wordpress\/plugins\/seo\/ -->\n<title>Kam je \u0161lo moje spanje? - Conor&#039;s Adventure<\/title>\n<meta name=\"robots\" content=\"index, follow, max-snippet:-1, max-image-preview:large, max-video-preview:-1\" \/>\n<link rel=\"canonical\" href=\"https:\/\/conorsadventure.si\/blog\/2020\/07\/09\/kam-je-slo-moje-spanje\/\" \/>\n<meta property=\"og:locale\" content=\"sl_SI\" \/>\n<meta property=\"og:type\" content=\"article\" \/>\n<meta property=\"og:title\" content=\"Kam je \u0161lo moje spanje? - Conor&#039;s Adventure\" \/>\n<meta property=\"og:description\" content=\"Ponedeljek, 8.6.2020, dan 1\" \/>\n<meta property=\"og:url\" content=\"https:\/\/conorsadventure.si\/blog\/2020\/07\/09\/kam-je-slo-moje-spanje\/\" \/>\n<meta property=\"og:site_name\" content=\"Conor&#039;s Adventure\" \/>\n<meta property=\"article:published_time\" content=\"2020-07-09T20:53:21+00:00\" \/>\n<meta property=\"article:modified_time\" content=\"2021-01-14T14:21:17+00:00\" \/>\n<meta property=\"og:image\" content=\"https:\/\/conorsadventure.si\/blog\/wp-content\/uploads\/2020\/07\/Dan1_2-1.jpg\" \/>\n\t<meta property=\"og:image:width\" content=\"854\" \/>\n\t<meta property=\"og:image:height\" content=\"640\" \/>\n\t<meta property=\"og:image:type\" content=\"image\/jpeg\" \/>\n<meta name=\"author\" content=\"Pija Vrezner\" \/>\n<meta name=\"twitter:card\" content=\"summary_large_image\" \/>\n<meta name=\"twitter:label1\" content=\"Written by\" \/>\n\t<meta name=\"twitter:data1\" content=\"Pija Vrezner\" \/>\n\t<meta name=\"twitter:label2\" content=\"Est. reading time\" \/>\n\t<meta name=\"twitter:data2\" content=\"2 minuti\" \/>\n<script type=\"application\/ld+json\" class=\"yoast-schema-graph\">{\"@context\":\"https:\/\/schema.org\",\"@graph\":[{\"@type\":\"WebPage\",\"@id\":\"https:\/\/conorsadventure.si\/blog\/2020\/07\/09\/kam-je-slo-moje-spanje\/\",\"url\":\"https:\/\/conorsadventure.si\/blog\/2020\/07\/09\/kam-je-slo-moje-spanje\/\",\"name\":\"Kam je \u0161lo moje spanje? - Conor&#039;s Adventure\",\"isPartOf\":{\"@id\":\"https:\/\/conorsadventure.si\/blog\/#website\"},\"datePublished\":\"2020-07-09T20:53:21+00:00\",\"dateModified\":\"2021-01-14T14:21:17+00:00\",\"author\":{\"@id\":\"https:\/\/conorsadventure.si\/blog\/#\/schema\/person\/7a152f8728e3ccd11e4387e5b03af21c\"},\"breadcrumb\":{\"@id\":\"https:\/\/conorsadventure.si\/blog\/2020\/07\/09\/kam-je-slo-moje-spanje\/#breadcrumb\"},\"inLanguage\":\"sl-SI\",\"potentialAction\":[{\"@type\":\"ReadAction\",\"target\":[\"https:\/\/conorsadventure.si\/blog\/2020\/07\/09\/kam-je-slo-moje-spanje\/\"]}]},{\"@type\":\"BreadcrumbList\",\"@id\":\"https:\/\/conorsadventure.si\/blog\/2020\/07\/09\/kam-je-slo-moje-spanje\/#breadcrumb\",\"itemListElement\":[{\"@type\":\"ListItem\",\"position\":1,\"name\":\"Home\",\"item\":\"https:\/\/conorsadventure.si\/blog\/\"},{\"@type\":\"ListItem\",\"position\":2,\"name\":\"Kam je \u0161lo moje spanje?\"}]},{\"@type\":\"WebSite\",\"@id\":\"https:\/\/conorsadventure.si\/blog\/#website\",\"url\":\"https:\/\/conorsadventure.si\/blog\/\",\"name\":\"Conor&#039;s Adventure\",\"description\":\"Oprema, ki povezuje\",\"potentialAction\":[{\"@type\":\"SearchAction\",\"target\":{\"@type\":\"EntryPoint\",\"urlTemplate\":\"https:\/\/conorsadventure.si\/blog\/?s={search_term_string}\"},\"query-input\":\"required name=search_term_string\"}],\"inLanguage\":\"sl-SI\"},{\"@type\":\"Person\",\"@id\":\"https:\/\/conorsadventure.si\/blog\/#\/schema\/person\/7a152f8728e3ccd11e4387e5b03af21c\",\"name\":\"Pija Vrezner\",\"image\":{\"@type\":\"ImageObject\",\"inLanguage\":\"sl-SI\",\"@id\":\"https:\/\/conorsadventure.si\/blog\/#\/schema\/person\/image\/\",\"url\":\"https:\/\/secure.gravatar.com\/avatar\/c993cc577fe30c2edfb46717da87fa54?s=96&d=mm&r=g\",\"contentUrl\":\"https:\/\/secure.gravatar.com\/avatar\/c993cc577fe30c2edfb46717da87fa54?s=96&d=mm&r=g\",\"caption\":\"Pija Vrezner\"},\"url\":\"https:\/\/conorsadventure.si\/blog\/author\/pija\/\"}]}<\/script>\n<!-- \/ Yoast SEO plugin. -->","yoast_head_json":{"title":"Kam je \u0161lo moje spanje? - Conor&#039;s Adventure","robots":{"index":"index","follow":"follow","max-snippet":"max-snippet:-1","max-image-preview":"max-image-preview:large","max-video-preview":"max-video-preview:-1"},"canonical":"https:\/\/conorsadventure.si\/blog\/2020\/07\/09\/kam-je-slo-moje-spanje\/","og_locale":"sl_SI","og_type":"article","og_title":"Kam je \u0161lo moje spanje? - Conor&#039;s Adventure","og_description":"Ponedeljek, 8.6.2020, dan 1","og_url":"https:\/\/conorsadventure.si\/blog\/2020\/07\/09\/kam-je-slo-moje-spanje\/","og_site_name":"Conor&#039;s Adventure","article_published_time":"2020-07-09T20:53:21+00:00","article_modified_time":"2021-01-14T14:21:17+00:00","og_image":[{"width":854,"height":640,"url":"https:\/\/conorsadventure.si\/blog\/wp-content\/uploads\/2020\/07\/Dan1_2-1.jpg","type":"image\/jpeg"}],"author":"Pija Vrezner","twitter_card":"summary_large_image","twitter_misc":{"Written by":"Pija Vrezner","Est. reading time":"2 minuti"},"schema":{"@context":"https:\/\/schema.org","@graph":[{"@type":"WebPage","@id":"https:\/\/conorsadventure.si\/blog\/2020\/07\/09\/kam-je-slo-moje-spanje\/","url":"https:\/\/conorsadventure.si\/blog\/2020\/07\/09\/kam-je-slo-moje-spanje\/","name":"Kam je \u0161lo moje spanje? - Conor&#039;s Adventure","isPartOf":{"@id":"https:\/\/conorsadventure.si\/blog\/#website"},"datePublished":"2020-07-09T20:53:21+00:00","dateModified":"2021-01-14T14:21:17+00:00","author":{"@id":"https:\/\/conorsadventure.si\/blog\/#\/schema\/person\/7a152f8728e3ccd11e4387e5b03af21c"},"breadcrumb":{"@id":"https:\/\/conorsadventure.si\/blog\/2020\/07\/09\/kam-je-slo-moje-spanje\/#breadcrumb"},"inLanguage":"sl-SI","potentialAction":[{"@type":"ReadAction","target":["https:\/\/conorsadventure.si\/blog\/2020\/07\/09\/kam-je-slo-moje-spanje\/"]}]},{"@type":"BreadcrumbList","@id":"https:\/\/conorsadventure.si\/blog\/2020\/07\/09\/kam-je-slo-moje-spanje\/#breadcrumb","itemListElement":[{"@type":"ListItem","position":1,"name":"Home","item":"https:\/\/conorsadventure.si\/blog\/"},{"@type":"ListItem","position":2,"name":"Kam je \u0161lo moje spanje?"}]},{"@type":"WebSite","@id":"https:\/\/conorsadventure.si\/blog\/#website","url":"https:\/\/conorsadventure.si\/blog\/","name":"Conor&#039;s Adventure","description":"Oprema, ki povezuje","potentialAction":[{"@type":"SearchAction","target":{"@type":"EntryPoint","urlTemplate":"https:\/\/conorsadventure.si\/blog\/?s={search_term_string}"},"query-input":"required name=search_term_string"}],"inLanguage":"sl-SI"},{"@type":"Person","@id":"https:\/\/conorsadventure.si\/blog\/#\/schema\/person\/7a152f8728e3ccd11e4387e5b03af21c","name":"Pija Vrezner","image":{"@type":"ImageObject","inLanguage":"sl-SI","@id":"https:\/\/conorsadventure.si\/blog\/#\/schema\/person\/image\/","url":"https:\/\/secure.gravatar.com\/avatar\/c993cc577fe30c2edfb46717da87fa54?s=96&d=mm&r=g","contentUrl":"https:\/\/secure.gravatar.com\/avatar\/c993cc577fe30c2edfb46717da87fa54?s=96&d=mm&r=g","caption":"Pija Vrezner"},"url":"https:\/\/conorsadventure.si\/blog\/author\/pija\/"}]}},"_links":{"self":[{"href":"https:\/\/conorsadventure.si\/blog\/wp-json\/wp\/v2\/posts\/2083"}],"collection":[{"href":"https:\/\/conorsadventure.si\/blog\/wp-json\/wp\/v2\/posts"}],"about":[{"href":"https:\/\/conorsadventure.si\/blog\/wp-json\/wp\/v2\/types\/post"}],"author":[{"embeddable":true,"href":"https:\/\/conorsadventure.si\/blog\/wp-json\/wp\/v2\/users\/990002"}],"replies":[{"embeddable":true,"href":"https:\/\/conorsadventure.si\/blog\/wp-json\/wp\/v2\/comments?post=2083"}],"version-history":[{"count":1,"href":"https:\/\/conorsadventure.si\/blog\/wp-json\/wp\/v2\/posts\/2083\/revisions"}],"predecessor-version":[{"id":3105,"href":"https:\/\/conorsadventure.si\/blog\/wp-json\/wp\/v2\/posts\/2083\/revisions\/3105"}],"wp:featuredmedia":[{"embeddable":true,"href":"https:\/\/conorsadventure.si\/blog\/wp-json\/wp\/v2\/media\/3103"}],"wp:attachment":[{"href":"https:\/\/conorsadventure.si\/blog\/wp-json\/wp\/v2\/media?parent=2083"}],"wp:term":[{"taxonomy":"category","embeddable":true,"href":"https:\/\/conorsadventure.si\/blog\/wp-json\/wp\/v2\/categories?post=2083"},{"taxonomy":"post_tag","embeddable":true,"href":"https:\/\/conorsadventure.si\/blog\/wp-json\/wp\/v2\/tags?post=2083"}],"curies":[{"name":"wp","href":"https:\/\/api.w.org\/{rel}","templated":true}]}}