{"id":4365,"date":"2022-09-19T13:53:58","date_gmt":"2022-09-19T11:53:58","guid":{"rendered":"https:\/\/conor.zo.si\/blog\/?p=4365"},"modified":"2023-02-02T21:14:37","modified_gmt":"2023-02-02T20:14:37","slug":"kaksno-pasmo-psa-izbrati","status":"publish","type":"post","link":"https:\/\/conorsadventure.si\/blog\/2022\/09\/19\/kaksno-pasmo-psa-izbrati\/","title":{"rendered":"KAK\u0160NO PASMO PSA IZBRATI?"},"content":{"rendered":"\r\n<p>Torej\u2026.po natan\u010dnem premisleku ste se odlo\u010dili za nakup pasemskega psa.<\/p>\r\n\r\n\r\n\r\n<p>Odli\u010dno. Ampak sedaj se spra\u0161ujete kak\u0161no pasmo psa izbrati?<\/p>\r\n\r\n\r\n\r\n<p>Tukaj na tem mestu sedaj ne bom govorila o tem, da nujno izberite psa z rodovnikom, ker resni\u010dno upam, da ste ob dana\u0161nji poplavi informacij na spletu \u017ee spoznali, da \u010distokrvni psi brez rodovnika ne obstajajo.<\/p>\r\n\r\n\r\n\r\n<p>\u010ce na\u0161e petkove \u010dlanke redno berete, potem se \u0161e spomnite, da sem pred tedni pisala o nakupu psa z rodovnikom ali izbiri le-tega v zaveti\u0161\u010du. V primeru, \u010de si \u010dlanka \u0161e niste prebrali in vas morda zanima zakaj je rodovnik izredno pomemben (in ne ni zgolj modna muha), vam svetujem, da ga preberete tukaj, <a href=\"https:\/\/conorsadventure.si\/blog\/zelim-si-psaga-vzeti-v-zavetiscu-ali-morda-kupiti-z-rodovnikom-oz-brez\/\" target=\"_blank\" rel=\"noreferrer noopener\">na tej povezavi.<\/a><\/p>\r\n\r\n\r\n\r\n<p>Sama menim, da bi moral \u010disto vsak, preden si kupi psa, najprej pri sebi iskreno odgovoriti na nekaj spodnjih vpra\u0161anj;<\/p>\r\n\r\n\r\n\r\n<div class=\"wp-block-image\">\r\n<figure class=\"alignleft size-large is-resized\"><img decoding=\"async\" loading=\"lazy\" class=\"wp-image-1090\" src=\"https:\/\/conorsadventure.si\/blog\/wp-content\/uploads\/2020\/09\/prvi-mesec-v-novem-domu-1.jpg\" alt=\"Conor, prvi dnevi v novem domu\" width=\"279\" height=\"349\" srcset=\"https:\/\/conorsadventure.si\/blog\/wp-content\/uploads\/2020\/09\/prvi-mesec-v-novem-domu-1.jpg 818w, https:\/\/conorsadventure.si\/blog\/wp-content\/uploads\/2020\/09\/prvi-mesec-v-novem-domu-1-240x300.jpg 240w, https:\/\/conorsadventure.si\/blog\/wp-content\/uploads\/2020\/09\/prvi-mesec-v-novem-domu-1-768x961.jpg 768w, https:\/\/conorsadventure.si\/blog\/wp-content\/uploads\/2020\/09\/prvi-mesec-v-novem-domu-1-600x751.jpg 600w\" sizes=\"(max-width: 279px) 100vw, 279px\" \/>\r\n<figcaption>Conor, prvi dnevi v novem domu<\/figcaption>\r\n<\/figure>\r\n<\/div>\r\n\r\n\r\n\r\n<h4 class=\"wp-block-heading\" id=\"zakaj-si-\u017eelim-psa\"><strong>\ud83d\udc3e<\/strong><strong>\u00a0 Zakaj si \u017eelim psa?<\/strong><\/h4>\r\n\r\n\r\n\r\n<p>Vpra\u0161anje, ki je lahko za koga morda izredno banalno \u010de\u0161, kaj ni logi\u010dno? \u010ce pa so mladi\u010dki tako lepi in sr\u010dkani. \u017de, ampak mladi\u010dek neko\u010d zraste v morda majhno tele in potem zahteva ogromno vzgoje, \u010dasa, potrpljenja itd.<\/p>\r\n\r\n\r\n\r\n<p>Skratka res iskreno se je treba vpra\u0161ati, zakaj si \u017eelim psa? Gre za iskreno \u017eeljo \u017ee od otro\u0161tva, za katero sem se pripravljen odpovedat marsikateri trenutni ugodnosti? Ali gre zgolj za modno muho, ker ga ima prijateljica, pa bi ga imela tui jaz. Ali pa si ga sin \u017eeli in mu ga bomo kupili za Bo\u017ei\u010dka\u2026ima \u017ee vse, samo psa \u0161e ne (\u010de sem malce provokativna \ud83d\ude0e).<\/p>\r\n\r\n\r\n\r\n<p>Pred nakupom psa je treba vedeti, da je to \u017eivo bitje, ki (skoraj kot otrok) bo naslednjih 10-15 let zahtevalo tvoj \u010das, denar, potrpljenje itd.<\/p>\r\n\r\n\r\n\r\n<p>Sama sem si psa \u017eelela odkar pomnim. Kupila pa sem si ga \u0161ele pri 32ih, razlog? \u010cas.<\/p>\r\n\r\n\r\n\r\n<h4 class=\"wp-block-heading\" id=\"koliko-\u010dasa-posvetim-psu\"><strong>\ud83d\udc3e<\/strong><strong> Koliko \u010dasa lahko posvetim psu?<\/strong><\/h4>\r\n\r\n\r\n\r\n<div class=\"wp-block-image\">\r\n<figure class=\"alignright size-large is-resized\"><img decoding=\"async\" loading=\"lazy\" class=\"wp-image-1198\" src=\"https:\/\/conorsadventure.si\/blog\/wp-content\/uploads\/2020\/10\/5-home-galerija.jpg\" alt=\"Med izvajanjem &quot;prosi&quot;\" width=\"301\" height=\"401\" srcset=\"https:\/\/conorsadventure.si\/blog\/wp-content\/uploads\/2020\/10\/5-home-galerija.jpg 768w, https:\/\/conorsadventure.si\/blog\/wp-content\/uploads\/2020\/10\/5-home-galerija-225x300.jpg 225w, https:\/\/conorsadventure.si\/blog\/wp-content\/uploads\/2020\/10\/5-home-galerija-600x800.jpg 600w\" sizes=\"(max-width: 301px) 100vw, 301px\" \/>\r\n<figcaption>Dnevno se s Conorjem ukvarjamo nekje 2-3 ure.<\/figcaption>\r\n<\/figure>\r\n<\/div>\r\n\r\n\r\n\r\n<p>Naslednje vpra\u0161anje, ki je med bolj pomembnimi pri izbiri pasme psa. V primeru, da sedaj sicer delate od doma in imate za psa ogromno \u010dasa, va\u0161i klasi\u010dni urniki pa so dolgi po 9, 10 ali ve\u010d ur, potem vam polagam na srce, pozabite na psa. Morda si nabavite ma\u010dko, ali \u0161e bolje zlato ribico. Res je, da so dolo\u010dene pasme psov, ki potrebujejo manj gibanja, kot druge, pa vendar noben pes ni narejen, da je cele dneve sam. Sploh pa si ne znam predstavljat kako bi v obdobju odra\u0161\u010danja, ko pes potrebuje ogromno socializacije bil cele dneve sam.<\/p>\r\n\r\n\r\n\r\n<p>\u010ce si psa kljub norim delavnikom vseeno \u017eelite, se pozanimajte, \u010de ga lahko vzamete s seboj v slu\u017ebo. Ponekod namre\u010d to nekateri delodajalci \u017ee omogo\u010dajo in celo podpirajo.<\/p>\r\n\r\n\r\n\r\n<p>V primeru, da vas je v dru\u017eini ve\u010d oz. bo psu omogo\u010dena zadostna koli\u010dina gibanja \u010dez dan, je zgodba druga\u010dna. V tem primeru se je treba vpra\u0161at koliko \u010dasa lahko dnevno posvetite psu? Maksimalno eno uro, ali tudi dve, tri ure dnevno?<\/p>\r\n\r\n\r\n\r\n<p>Spadate med bolj aktivne, se ukvarjate s \u0161portom? Hodite za vikend v hribe? Potem je treba izbrati bolj aktivno pasmo, to so pti\u010darji, ov\u010darji, labradorci itd. Npr. s \u010divavo, mopsom ali angle\u0161kim buldogom se verjetno ne boste podali v hribe\ud83d\ude09.<\/p>\r\n\r\n\r\n\r\n<p>Ravno zgornje vpra\u0161anje nama je s partnerjem predstavljalo glavno vodilo pri izbiri belgijskega ov\u010darja tip, Malinois. \u017delela sva izredno aktivno pasmo, saj sva tudi sama aktivna. Iskala sva pasmo, ki naju bo z lahkoto spremljala ob teku na 5 oz. 10 km, potepanju po Pohorju, pol dnevnih izletih itd. Prav tako sva iskala izredno u\u010dljivo, pametno pasmo s katero bova lahko \u0161la v kateri koli pasji \u0161port.<\/p>\r\n\r\n\r\n\r\n<h4 class=\"wp-block-heading\" id=\"kje-bo-pes-ko-boste-odsotni\"><strong>\ud83d\udc3e Ali radi potujete? Kje bo va\u0161 pes, ko boste na dopustu?<\/strong><\/h4>\r\n\r\n\r\n\r\n<p>S prihodom psa v va\u0161 dom se bo verjetno kar nekaj zadev spremenilo. Vsaj pri nama se je. Treba je vedeti, da psi pa naj jih imamo \u0161e tako radi, ne morejo povsod z nami. \u010ce ste izrazit pasjeljubec, ki bo prilagajal dopust psu, je eno. V primeru, da radi potujete, pa vedite, da na \u017ealost (no razen, \u010de se boste odlo\u010dili za majhno pasmo) potovanje psa z letalom ni najbolj priporo\u010dljivo. Ni malo primerov, ko so kosmatinci med letom (zaradi neprimernega transporta) poginili.<\/p>\r\n\r\n\r\n\r\n<p>Skratka fino je \u017ee pred nakupom psa vedeti, kdo bo zanj odgovoren, ko boste od\u0161li na 14 dnevne po\u010ditnice z letalom.<\/p>\r\n\r\n\r\n\r\n<div class=\"wp-block-image\">\r\n<figure class=\"alignright size-large is-resized\"><img decoding=\"async\" loading=\"lazy\" class=\"wp-image-2875\" src=\"https:\/\/conorsadventure.si\/blog\/wp-content\/uploads\/2020\/12\/dvepasmi2.jpg\" alt=\"Vam je velikost psa pomembna?\" width=\"344\" height=\"349\" srcset=\"https:\/\/conorsadventure.si\/blog\/wp-content\/uploads\/2020\/12\/dvepasmi2.jpg 756w, https:\/\/conorsadventure.si\/blog\/wp-content\/uploads\/2020\/12\/dvepasmi2-295x300.jpg 295w, https:\/\/conorsadventure.si\/blog\/wp-content\/uploads\/2020\/12\/dvepasmi2-600x610.jpg 600w, https:\/\/conorsadventure.si\/blog\/wp-content\/uploads\/2020\/12\/dvepasmi2-100x100.jpg 100w\" sizes=\"(max-width: 344px) 100vw, 344px\" \/>\r\n<figcaption>Vam je velikost psa pomembna?<\/figcaption>\r\n<\/figure>\r\n<\/div>\r\n\r\n\r\n\r\n<h4 class=\"wp-block-heading\" id=\"kak\u0161en-naj-bo-pes\"><strong>\ud83d\udc3e Kako velikega psa si \u017eelite? So vam pomembne dolo<\/strong><strong>\u010dene lastnosti pasme?<\/strong><\/h4>\r\n\r\n\r\n\r\n<p>Sedaj, ko smo okvirno ugotovili koliko bomo imeli \u010dasa za psa, pa se dajmo posvetit razli\u010dnim pasemskim lastnostim. Psi se med seboj poleg o\u010ditne velikosti, izjemno razlikujejo v temperamentu, koliko so kompatibilni z drugimi psi, z otroki, ali zahtevajo ogromno \u010dasa za nego (dlake), kot tudi koliko so zahtevni za \u0161olanje.<\/p>\r\n\r\n\r\n\r\n<p>Prav tako je fino preverit ali gre za zdravo pasmo. Ne mi zamerit, ampak sama denimo nebi nikoli kupila nem\u0161kega ov\u010darja, ker \u017eal vemo, kak\u0161ne te\u017eave ima pasma z displazijo kolkov.<\/p>\r\n\r\n\r\n\r\n<p>Midva s Primo\u017eem sva pri izbiri pasme bila izredno pozorna na morebitne zdravstvene te\u017eave in, ko sva naletela na podatek, da spadajo belgijci med bojda najbolj zdrave pasme, se je najina odlo\u010ditev \u0161e bolj utrdila.<\/p>\r\n\r\n\r\n\r\n<p>Seveda pa pri izbiri psa ne pozabite tudi na njegovo bivalno okolje. Majhen pes v veliki hi\u0161i, ni noben problem, huje je kak\u0161en belgijec v enosobnem stanovanju\u2026\u010deprav, \u010de ste z njim dnevno res izredno aktivni, sama ne vidim nekih problemov tudi pri tej kombinaciji \ud83d\ude09.<\/p>\r\n\r\n\r\n\r\n<h4 class=\"wp-block-heading\" id=\"boste-hodili-s-psom-v-\u0161olo\"><strong>\ud83d\udc3e Sem pripravljen hoditi s psom v pasjo \u0161olo in se u<\/strong><strong>\u010diti? Sem izku\u0161en\/neizku\u0161en?<\/strong><\/h4>\r\n\r\n\r\n\r\n<p>Morda se je kdo ob branju tega \u010dlanka malce dr\u017eal za glavo, \u010de\u0161 \u017eenska si je za prvega psa omislila belgijca, resno? No zgornje vpra\u0161anje je tudi razlog, da sva si ga s Primo\u017eem sploh upala nabaviti. Bila sva pripravljena na dnevno u\u010denje, branje in raziskovanje pasje literature ter seveda tudi na obisk pasje \u0161ole.<\/p>\r\n\r\n\r\n\r\n<p>Morda bo kdo mojo trditev sedaj vzel za absurdno, ampak sama se ne strinjam s trditvijo, da v primeru, \u010de gre za prvega psa, dolo\u010dene pasme odpadejo. Potrebno se je vpra\u0161at, kak\u0161en je \u010dlovek, ki si nabavlja prvega psa? Se je pripravljen u\u010diti, hoditi s psom v pasjo \u0161olo in ob problemih tudi prositi za pomo\u010d?<\/p>\r\n\r\n\r\n\r\n<p>\u010ce je doti\u010dni na ve\u010dino vpra\u0161anj odgovoril z da, ne vidim nobenih problemov, da se ob dobrem premisleku nabavi pasmo, ki zahteva tudi bolj izku\u0161enega lastnika. Vendar se mi v tem primeru zdi smotrno, da doti\u010dna oseba izredno pozornost nameni iskanju primernega vzreditelja, ki ji bo posledi\u010dno pomagal pri izbiri psa iz legla, kot tudi kasneje z morebitnimi nasveti pri vzgoji psa.<\/p>\r\n\r\n\r\n\r\n<h4 class=\"wp-block-heading\" id=\"bivanje-psa-v-zunanjem-boksu\"><strong>\ud83d\udc3e \u00a0Ali lahko pes za<\/strong><strong>\u010dasno biva v zunanjem boksu med tem, ko sem par ur odsoten?<\/strong><\/h4>\r\n\r\n\r\n\r\n<p>Vpra\u0161anje, ki je delno tudi odgovorno, da sva namesto prvotno izbranega Stafforda\u00a0(Ameri\u0161ki Sttafordshire terier) na koncu izbrala belgijca. S Primo\u017eem \u017eiviva v hi\u0161i in \u0161e pred prihodom psa, sva vedela, da bo slednji ob najini odsotnosti (kino, fitnes itd) po\u010dakal v zunanjem boksu. Kaj hitro sva ugotovila, da kratkodlaki Stafford sicer mili Primorski zimi, verjetno ne bo kos v zunanjem boksu. No in ravno slednje vpra\u0161anje je dalo tisto piko na I za kon\u010dno odlo\u010ditev, da sva 15.aprila letos v psarno Hunt&#8217;N Catch nakazala aro za najinega prvega psa.<\/p>\r\n\r\n\r\n\r\n<p>Sej sem tekom \u010dlanka v enem izmed vpra\u0161anj \u017ee omenila pomen dlake in nege psa. Pa vendar naj \u0161e tukaj izpostavim, da je fino, \u010de se pred nakupom pozanimate tudi, \u010de je kdo izmed vas v dru\u017eini alergik na pasjo dlako.<\/p>\r\n\r\n\r\n\r\n<h4 class=\"wp-block-heading\" id=\"koliko-stane-pes\"><strong>\ud83d\udc3e \u00a0<\/strong><strong>Imam dovolj denarja za preskrbo psa, tudi v primeru bolezni, po\u0161kodbe?<\/strong><\/h4>\r\n\r\n\r\n\r\n<div class=\"wp-block-image\">\r\n<figure class=\"alignright size-large is-resized\"><img decoding=\"async\" loading=\"lazy\" class=\"wp-image-2599\" src=\"https:\/\/conorsadventure.si\/blog\/wp-content\/uploads\/2020\/11\/Dan160_5.jpg\" alt=\"\" width=\"289\" height=\"407\" srcset=\"https:\/\/conorsadventure.si\/blog\/wp-content\/uploads\/2020\/11\/Dan160_5.jpg 545w, https:\/\/conorsadventure.si\/blog\/wp-content\/uploads\/2020\/11\/Dan160_5-213x300.jpg 213w\" sizes=\"(max-width: 289px) 100vw, 289px\" \/>\r\n<figcaption>Conor<\/figcaption>\r\n<\/figure>\r\n<\/div>\r\n\r\n\r\n\r\n<p>Dajmo se na koncu dotaknit \u0161e malce finan\u010dnega vidika psa. Tukaj bom sedaj te\u017eko pametna za majhne pasme, saj resni\u010dno nimam ob\u010dutka, pa vendar generalno gledano je treba vedet, da pes ni poceni. Sploh ne, \u010de se bog ne daj kaj zgodi. Hitro je lahko vrednost kak\u0161ne operacije par 100 \u20ac, \u010de ne celo precej vi\u0161je.<\/p>\r\n\r\n\r\n\r\n<p>Morda pride komu prav moj podatek in sicer za Conorja smo do danes (od trenutka, ko smo ga kupili 7.6.2020), zapravili \u017ee nekje slabih 3000 \u20ac. Za la\u017ejo predstavo, znesek zajema vrednost zunanjega boksa (okoli 1000 \u20ac), transportni boks (250 \u20ac), postelja (60 \u20ac), hi\u0161ni boks (60\u20ac), pribli\u017eni dosedanji stro\u0161ki veterinarja \u2013 vsa cepljenja\/ampule (okoli 120-150 \u20ac) + vsa ostala pasja oprema (dekice, povodci, ovratnice, igra\u010dke, pasje posode, raznorazni pribolj\u0161ki itd.) in seveda pasja hrana, pri kateri ne \u0161parava ter kupujeva res kakovostno &#8211; <a href=\"https:\/\/www.kosmatincki.si\/\" target=\"_blank\" rel=\"noreferrer noopener\">pelete Naturavetal<\/a>. Aja in seveda sama vrednost oz. cena Conorja pri vzreditelju, ki pa naj ostane skrivnost \ud83d\ude09 Naj omenim, da je stal manj kot 1000 \u20ac in dobila sva (glede na rodovnik) res vrhunskega psa.<\/p>\r\n\r\n\r\n\r\n<p>Za na konec naj vam polo\u017eim na srce, naj izbira psa oz. njegov nakup ne bo iz danes na jutri. Niti ne iz enega v drugi teden. Midva sva se denimo za psa odlo\u010dala skoraj leto dni.<\/p>\r\n\r\n\r\n\r\n<p>Pred nakupom psa natan\u010dno premislite, ali si ga resni\u010dno \u017eelite in ste ga spodobni primerno (\u010dasovno, finan\u010dno) vzdr\u017eevati naslednjih 10-15 let. Ne pozabite, gre za \u017eivo bitje.<\/p>\r\n\r\n\r\n\r\n<p>\u010ce se vam zdi moje pisanje pretirano, pa se usedite v avto in se odpeljite do bli\u017enjega zaveti\u0161\u010da za \u017eivali. Pri\u010dakale vas bodo kosmate kepice vseh velikosti in verjemite niso prostovoljno tam. Zapustil jih je \u010dlovek, ki pred nakupom psa ni dobro premislil. Prosim ne bodite isti!<\/p>\r\n\r\n\r\n\r\n<p>Zelo koristen vir, pri iskanju informacij o pasmah psov:<\/p>\r\n\r\n\r\n\r\n<p><a href=\"https:\/\/www.mrpet.si\/seznam-pasem-s-170.aspx\" target=\"_blank\" rel=\"noreferrer noopener\">Seznam pasem psov<\/a><\/p>","protected":false},"excerpt":{"rendered":"<p>Torej\u2026.po natan\u010dnem premisleku ste se odlo\u010dili za nakup pasemskega psa. Odli\u010dno. Ampak sedaj se spra\u0161ujete&hellip;<\/p>\n<p> <a class=\"more-link\" href=\"https:\/\/conorsadventure.si\/blog\/2022\/09\/19\/kaksno-pasmo-psa-izbrati\/\">Beri dalje<\/a><\/p>\n","protected":false},"author":990002,"featured_media":3933,"comment_status":"closed","ping_status":"open","sticky":false,"template":"","format":"standard","meta":{"footnotes":""},"categories":[520],"tags":[529,526,530,527,528],"yoast_head":"<!-- This site is optimized with the Yoast SEO plugin v21.0 - https:\/\/yoast.com\/wordpress\/plugins\/seo\/ -->\n<title>KAK\u0160NO PASMO PSA IZBRATI? - Conor&#039;s Adventure<\/title>\n<meta name=\"robots\" content=\"index, follow, max-snippet:-1, max-image-preview:large, max-video-preview:-1\" \/>\n<link rel=\"canonical\" href=\"https:\/\/conorsadventure.si\/blog\/2022\/09\/19\/kaksno-pasmo-psa-izbrati\/\" \/>\n<meta property=\"og:locale\" content=\"sl_SI\" \/>\n<meta property=\"og:type\" content=\"article\" \/>\n<meta property=\"og:title\" content=\"KAK\u0160NO PASMO PSA IZBRATI? - Conor&#039;s Adventure\" \/>\n<meta property=\"og:description\" content=\"Torej\u2026.po natan\u010dnem premisleku ste se odlo\u010dili za nakup pasemskega psa. Odli\u010dno. Ampak sedaj se spra\u0161ujete&hellip;  Beri dalje\" \/>\n<meta property=\"og:url\" content=\"https:\/\/conorsadventure.si\/blog\/2022\/09\/19\/kaksno-pasmo-psa-izbrati\/\" \/>\n<meta property=\"og:site_name\" content=\"Conor&#039;s Adventure\" \/>\n<meta property=\"article:published_time\" content=\"2022-09-19T11:53:58+00:00\" \/>\n<meta property=\"article:modified_time\" content=\"2023-02-02T20:14:37+00:00\" \/>\n<meta property=\"og:image\" content=\"https:\/\/conorsadventure.si\/blog\/wp-content\/uploads\/2021\/11\/3.11.2021_2.jpg\" \/>\n\t<meta property=\"og:image:width\" content=\"480\" \/>\n\t<meta property=\"og:image:height\" content=\"640\" \/>\n\t<meta property=\"og:image:type\" content=\"image\/jpeg\" \/>\n<meta name=\"author\" content=\"Pija Vrezner\" \/>\n<meta name=\"twitter:card\" content=\"summary_large_image\" \/>\n<meta name=\"twitter:label1\" content=\"Written by\" \/>\n\t<meta name=\"twitter:data1\" content=\"Pija Vrezner\" \/>\n\t<meta name=\"twitter:label2\" content=\"Est. reading time\" \/>\n\t<meta name=\"twitter:data2\" content=\"10 minut\" \/>\n<script type=\"application\/ld+json\" class=\"yoast-schema-graph\">{\"@context\":\"https:\/\/schema.org\",\"@graph\":[{\"@type\":\"WebPage\",\"@id\":\"https:\/\/conorsadventure.si\/blog\/2022\/09\/19\/kaksno-pasmo-psa-izbrati\/\",\"url\":\"https:\/\/conorsadventure.si\/blog\/2022\/09\/19\/kaksno-pasmo-psa-izbrati\/\",\"name\":\"KAK\u0160NO PASMO PSA IZBRATI? - Conor&#039;s Adventure\",\"isPartOf\":{\"@id\":\"https:\/\/conorsadventure.si\/blog\/#website\"},\"datePublished\":\"2022-09-19T11:53:58+00:00\",\"dateModified\":\"2023-02-02T20:14:37+00:00\",\"author\":{\"@id\":\"https:\/\/conorsadventure.si\/blog\/#\/schema\/person\/7a152f8728e3ccd11e4387e5b03af21c\"},\"breadcrumb\":{\"@id\":\"https:\/\/conorsadventure.si\/blog\/2022\/09\/19\/kaksno-pasmo-psa-izbrati\/#breadcrumb\"},\"inLanguage\":\"sl-SI\",\"potentialAction\":[{\"@type\":\"ReadAction\",\"target\":[\"https:\/\/conorsadventure.si\/blog\/2022\/09\/19\/kaksno-pasmo-psa-izbrati\/\"]}]},{\"@type\":\"BreadcrumbList\",\"@id\":\"https:\/\/conorsadventure.si\/blog\/2022\/09\/19\/kaksno-pasmo-psa-izbrati\/#breadcrumb\",\"itemListElement\":[{\"@type\":\"ListItem\",\"position\":1,\"name\":\"Home\",\"item\":\"https:\/\/conorsadventure.si\/blog\/\"},{\"@type\":\"ListItem\",\"position\":2,\"name\":\"KAK\u0160NO PASMO PSA IZBRATI?\"}]},{\"@type\":\"WebSite\",\"@id\":\"https:\/\/conorsadventure.si\/blog\/#website\",\"url\":\"https:\/\/conorsadventure.si\/blog\/\",\"name\":\"Conor&#039;s Adventure\",\"description\":\"Oprema, ki povezuje\",\"potentialAction\":[{\"@type\":\"SearchAction\",\"target\":{\"@type\":\"EntryPoint\",\"urlTemplate\":\"https:\/\/conorsadventure.si\/blog\/?s={search_term_string}\"},\"query-input\":\"required name=search_term_string\"}],\"inLanguage\":\"sl-SI\"},{\"@type\":\"Person\",\"@id\":\"https:\/\/conorsadventure.si\/blog\/#\/schema\/person\/7a152f8728e3ccd11e4387e5b03af21c\",\"name\":\"Pija Vrezner\",\"image\":{\"@type\":\"ImageObject\",\"inLanguage\":\"sl-SI\",\"@id\":\"https:\/\/conorsadventure.si\/blog\/#\/schema\/person\/image\/\",\"url\":\"https:\/\/secure.gravatar.com\/avatar\/c993cc577fe30c2edfb46717da87fa54?s=96&d=mm&r=g\",\"contentUrl\":\"https:\/\/secure.gravatar.com\/avatar\/c993cc577fe30c2edfb46717da87fa54?s=96&d=mm&r=g\",\"caption\":\"Pija Vrezner\"},\"url\":\"https:\/\/conorsadventure.si\/blog\/author\/pija\/\"}]}<\/script>\n<!-- \/ Yoast SEO plugin. -->","yoast_head_json":{"title":"KAK\u0160NO PASMO PSA IZBRATI? - Conor&#039;s Adventure","robots":{"index":"index","follow":"follow","max-snippet":"max-snippet:-1","max-image-preview":"max-image-preview:large","max-video-preview":"max-video-preview:-1"},"canonical":"https:\/\/conorsadventure.si\/blog\/2022\/09\/19\/kaksno-pasmo-psa-izbrati\/","og_locale":"sl_SI","og_type":"article","og_title":"KAK\u0160NO PASMO PSA IZBRATI? - Conor&#039;s Adventure","og_description":"Torej\u2026.po natan\u010dnem premisleku ste se odlo\u010dili za nakup pasemskega psa. Odli\u010dno. Ampak sedaj se spra\u0161ujete&hellip;  Beri dalje","og_url":"https:\/\/conorsadventure.si\/blog\/2022\/09\/19\/kaksno-pasmo-psa-izbrati\/","og_site_name":"Conor&#039;s Adventure","article_published_time":"2022-09-19T11:53:58+00:00","article_modified_time":"2023-02-02T20:14:37+00:00","og_image":[{"width":480,"height":640,"url":"https:\/\/conorsadventure.si\/blog\/wp-content\/uploads\/2021\/11\/3.11.2021_2.jpg","type":"image\/jpeg"}],"author":"Pija Vrezner","twitter_card":"summary_large_image","twitter_misc":{"Written by":"Pija Vrezner","Est. reading time":"10 minut"},"schema":{"@context":"https:\/\/schema.org","@graph":[{"@type":"WebPage","@id":"https:\/\/conorsadventure.si\/blog\/2022\/09\/19\/kaksno-pasmo-psa-izbrati\/","url":"https:\/\/conorsadventure.si\/blog\/2022\/09\/19\/kaksno-pasmo-psa-izbrati\/","name":"KAK\u0160NO PASMO PSA IZBRATI? - Conor&#039;s Adventure","isPartOf":{"@id":"https:\/\/conorsadventure.si\/blog\/#website"},"datePublished":"2022-09-19T11:53:58+00:00","dateModified":"2023-02-02T20:14:37+00:00","author":{"@id":"https:\/\/conorsadventure.si\/blog\/#\/schema\/person\/7a152f8728e3ccd11e4387e5b03af21c"},"breadcrumb":{"@id":"https:\/\/conorsadventure.si\/blog\/2022\/09\/19\/kaksno-pasmo-psa-izbrati\/#breadcrumb"},"inLanguage":"sl-SI","potentialAction":[{"@type":"ReadAction","target":["https:\/\/conorsadventure.si\/blog\/2022\/09\/19\/kaksno-pasmo-psa-izbrati\/"]}]},{"@type":"BreadcrumbList","@id":"https:\/\/conorsadventure.si\/blog\/2022\/09\/19\/kaksno-pasmo-psa-izbrati\/#breadcrumb","itemListElement":[{"@type":"ListItem","position":1,"name":"Home","item":"https:\/\/conorsadventure.si\/blog\/"},{"@type":"ListItem","position":2,"name":"KAK\u0160NO PASMO PSA IZBRATI?"}]},{"@type":"WebSite","@id":"https:\/\/conorsadventure.si\/blog\/#website","url":"https:\/\/conorsadventure.si\/blog\/","name":"Conor&#039;s Adventure","description":"Oprema, ki povezuje","potentialAction":[{"@type":"SearchAction","target":{"@type":"EntryPoint","urlTemplate":"https:\/\/conorsadventure.si\/blog\/?s={search_term_string}"},"query-input":"required name=search_term_string"}],"inLanguage":"sl-SI"},{"@type":"Person","@id":"https:\/\/conorsadventure.si\/blog\/#\/schema\/person\/7a152f8728e3ccd11e4387e5b03af21c","name":"Pija Vrezner","image":{"@type":"ImageObject","inLanguage":"sl-SI","@id":"https:\/\/conorsadventure.si\/blog\/#\/schema\/person\/image\/","url":"https:\/\/secure.gravatar.com\/avatar\/c993cc577fe30c2edfb46717da87fa54?s=96&d=mm&r=g","contentUrl":"https:\/\/secure.gravatar.com\/avatar\/c993cc577fe30c2edfb46717da87fa54?s=96&d=mm&r=g","caption":"Pija Vrezner"},"url":"https:\/\/conorsadventure.si\/blog\/author\/pija\/"}]}},"_links":{"self":[{"href":"https:\/\/conorsadventure.si\/blog\/wp-json\/wp\/v2\/posts\/4365"}],"collection":[{"href":"https:\/\/conorsadventure.si\/blog\/wp-json\/wp\/v2\/posts"}],"about":[{"href":"https:\/\/conorsadventure.si\/blog\/wp-json\/wp\/v2\/types\/post"}],"author":[{"embeddable":true,"href":"https:\/\/conorsadventure.si\/blog\/wp-json\/wp\/v2\/users\/990002"}],"replies":[{"embeddable":true,"href":"https:\/\/conorsadventure.si\/blog\/wp-json\/wp\/v2\/comments?post=4365"}],"version-history":[{"count":4,"href":"https:\/\/conorsadventure.si\/blog\/wp-json\/wp\/v2\/posts\/4365\/revisions"}],"predecessor-version":[{"id":4983,"href":"https:\/\/conorsadventure.si\/blog\/wp-json\/wp\/v2\/posts\/4365\/revisions\/4983"}],"wp:featuredmedia":[{"embeddable":true,"href":"https:\/\/conorsadventure.si\/blog\/wp-json\/wp\/v2\/media\/3933"}],"wp:attachment":[{"href":"https:\/\/conorsadventure.si\/blog\/wp-json\/wp\/v2\/media?parent=4365"}],"wp:term":[{"taxonomy":"category","embeddable":true,"href":"https:\/\/conorsadventure.si\/blog\/wp-json\/wp\/v2\/categories?post=4365"},{"taxonomy":"post_tag","embeddable":true,"href":"https:\/\/conorsadventure.si\/blog\/wp-json\/wp\/v2\/tags?post=4365"}],"curies":[{"name":"wp","href":"https:\/\/api.w.org\/{rel}","templated":true}]}}